{"id":976,"date":"2024-07-15T13:00:19","date_gmt":"2024-07-15T11:00:19","guid":{"rendered":"https:\/\/www.gmkunstraum.de\/rg\/?p=976"},"modified":"2025-11-14T17:20:06","modified_gmt":"2025-11-14T16:20:06","slug":"collage-und-malerei","status":"publish","type":"post","link":"https:\/\/www.gmkunstraum.de\/rg\/collage-und-malerei\/","title":{"rendered":"Collage und Malerei"},"content":{"rendered":"<p>Der Titel <em>Collage und Malerei<\/em> nennt zwei wesentliche Gestaltungsmittel meiner Arbeiten: ich beziehe mich oft auf konkrete Fotos, Bilder aus Zeitungen, Fragmente von Werbung, die ich auf der Leinwand anordne und durch \u00dcbermalung bearbeite.<\/p>\n<p>Ich stelle hier einige Arbeiten auf Leinwand vor, die alle im Format 40\u00d740 cm gestaltet sind, ein Format, das ich \u00fcber lange Jahre genutzt habe. Im gro\u00dfen Format stelle ich einige Arbeiten aus der Serie <em>W\u00e4nde<\/em> vor, in dem ich Reste von Tapeten, Spr\u00fcche, Farbreste, u.a. zusammenkomponiert habe.<\/p>\n<p><a href=\"https:\/\/www.gmkunstraum.de\/rg\/wp-content\/uploads\/2024\/07\/P.Liste_.final-web.pdf\"><img fetchpriority=\"high\" decoding=\"async\" class=\"alignnone wp-image-984 size-medium\" src=\"https:\/\/www.gmkunstraum.de\/rg\/wp-content\/uploads\/2024\/07\/P.Liste_.final-web-212x300.jpg\" alt=\"\" width=\"212\" height=\"300\" srcset=\"https:\/\/www.gmkunstraum.de\/rg\/wp-content\/uploads\/2024\/07\/P.Liste_.final-web-212x300.jpg 212w, https:\/\/www.gmkunstraum.de\/rg\/wp-content\/uploads\/2024\/07\/P.Liste_.final-web-724x1024.jpg 724w, https:\/\/www.gmkunstraum.de\/rg\/wp-content\/uploads\/2024\/07\/P.Liste_.final-web-768x1087.jpg 768w, https:\/\/www.gmkunstraum.de\/rg\/wp-content\/uploads\/2024\/07\/P.Liste_.final-web.jpg 826w\" sizes=\"(max-width: 212px) 100vw, 212px\" \/><\/a><\/p>\n<p><a href=\"https:\/\/www.gmkunstraum.de\/rg\/wp-content\/uploads\/2024\/07\/P.Liste_.final-web.pdf\" target=\"_blank\" rel=\"noopener\">Ausstellungsliste (pdf)<\/a><\/p>\n","protected":false},"excerpt":{"rendered":"<p>Der Titel Collage und Malerei nennt zwei wesentliche Gestaltungsmittel meiner Arbeiten: ich beziehe mich oft auf konkrete Fotos, Bilder aus Zeitungen, Fragmente von Werbung, die ich auf der Leinwand anordne und durch \u00dcbermalung bearbeite. Ich stelle hier einige Arbeiten auf Leinwand vor, die alle im Format 40\u00d740 cm gestaltet sind, ein Format, das ich \u00fcber lange Jahre genutzt habe. Im gro\u00dfen Format stelle ich einige Arbeiten aus der Serie W\u00e4nde vor, in dem ich Reste von Tapeten, Spr\u00fcche, Farbreste, u.a. zusammenkomponiert habe. Ausstellungsliste (pdf)<\/p>\n","protected":false},"author":1,"featured_media":983,"comment_status":"open","ping_status":"open","sticky":false,"template":"","format":"standard","meta":{"ocean_post_layout":"","ocean_both_sidebars_style":"","ocean_both_sidebars_content_width":0,"ocean_both_sidebars_sidebars_width":0,"ocean_sidebar":"0","ocean_second_sidebar":"0","ocean_disable_margins":"enable","ocean_add_body_class":"","ocean_shortcode_before_top_bar":"","ocean_shortcode_after_top_bar":"","ocean_shortcode_before_header":"","ocean_shortcode_after_header":"","ocean_has_shortcode":"","ocean_shortcode_after_title":"","ocean_shortcode_before_footer_widgets":"","ocean_shortcode_after_footer_widgets":"","ocean_shortcode_before_footer_bottom":"","ocean_shortcode_after_footer_bottom":"","ocean_display_top_bar":"default","ocean_display_header":"default","ocean_header_style":"","ocean_center_header_left_menu":"0","ocean_custom_header_template":"0","ocean_custom_logo":0,"ocean_custom_retina_logo":0,"ocean_custom_logo_max_width":0,"ocean_custom_logo_tablet_max_width":0,"ocean_custom_logo_mobile_max_width":0,"ocean_custom_logo_max_height":0,"ocean_custom_logo_tablet_max_height":0,"ocean_custom_logo_mobile_max_height":0,"ocean_header_custom_menu":"0","ocean_menu_typo_font_family":"0","ocean_menu_typo_font_subset":"","ocean_menu_typo_font_size":0,"ocean_menu_typo_font_size_tablet":0,"ocean_menu_typo_font_size_mobile":0,"ocean_menu_typo_font_size_unit":"px","ocean_menu_typo_font_weight":"","ocean_menu_typo_font_weight_tablet":"","ocean_menu_typo_font_weight_mobile":"","ocean_menu_typo_transform":"","ocean_menu_typo_transform_tablet":"","ocean_menu_typo_transform_mobile":"","ocean_menu_typo_line_height":0,"ocean_menu_typo_line_height_tablet":0,"ocean_menu_typo_line_height_mobile":0,"ocean_menu_typo_line_height_unit":"","ocean_menu_typo_spacing":0,"ocean_menu_typo_spacing_tablet":0,"ocean_menu_typo_spacing_mobile":0,"ocean_menu_typo_spacing_unit":"","ocean_menu_link_color":"","ocean_menu_link_color_hover":"","ocean_menu_link_color_active":"","ocean_menu_link_background":"","ocean_menu_link_hover_background":"","ocean_menu_link_active_background":"","ocean_menu_social_links_bg":"","ocean_menu_social_hover_links_bg":"","ocean_menu_social_links_color":"","ocean_menu_social_hover_links_color":"","ocean_disable_title":"default","ocean_disable_heading":"default","ocean_post_title":"","ocean_post_subheading":"","ocean_post_title_style":"","ocean_post_title_background_color":"","ocean_post_title_background":0,"ocean_post_title_bg_image_position":"","ocean_post_title_bg_image_attachment":"","ocean_post_title_bg_image_repeat":"","ocean_post_title_bg_image_size":"","ocean_post_title_height":0,"ocean_post_title_bg_overlay":0.5,"ocean_post_title_bg_overlay_color":"","ocean_disable_breadcrumbs":"default","ocean_breadcrumbs_color":"","ocean_breadcrumbs_separator_color":"","ocean_breadcrumbs_links_color":"","ocean_breadcrumbs_links_hover_color":"","ocean_display_footer_widgets":"default","ocean_display_footer_bottom":"default","ocean_custom_footer_template":"0","ocean_post_oembed":"","ocean_post_self_hosted_media":"","ocean_post_video_embed":"","ocean_link_format":"","ocean_link_format_target":"self","ocean_quote_format":"","ocean_quote_format_link":"post","ocean_gallery_link_images":"on","ocean_gallery_id":[],"footnotes":""},"categories":[12],"tags":[],"class_list":["post-976","post","type-post","status-publish","format-standard","has-post-thumbnail","hentry","category-vergangene-termine","entry","has-media"],"_links":{"self":[{"href":"https:\/\/www.gmkunstraum.de\/rg\/wp-json\/wp\/v2\/posts\/976","targetHints":{"allow":["GET"]}}],"collection":[{"href":"https:\/\/www.gmkunstraum.de\/rg\/wp-json\/wp\/v2\/posts"}],"about":[{"href":"https:\/\/www.gmkunstraum.de\/rg\/wp-json\/wp\/v2\/types\/post"}],"author":[{"embeddable":true,"href":"https:\/\/www.gmkunstraum.de\/rg\/wp-json\/wp\/v2\/users\/1"}],"replies":[{"embeddable":true,"href":"https:\/\/www.gmkunstraum.de\/rg\/wp-json\/wp\/v2\/comments?post=976"}],"version-history":[{"count":7,"href":"https:\/\/www.gmkunstraum.de\/rg\/wp-json\/wp\/v2\/posts\/976\/revisions"}],"predecessor-version":[{"id":1247,"href":"https:\/\/www.gmkunstraum.de\/rg\/wp-json\/wp\/v2\/posts\/976\/revisions\/1247"}],"wp:featuredmedia":[{"embeddable":true,"href":"https:\/\/www.gmkunstraum.de\/rg\/wp-json\/wp\/v2\/media\/983"}],"wp:attachment":[{"href":"https:\/\/www.gmkunstraum.de\/rg\/wp-json\/wp\/v2\/media?parent=976"}],"wp:term":[{"taxonomy":"category","embeddable":true,"href":"https:\/\/www.gmkunstraum.de\/rg\/wp-json\/wp\/v2\/categories?post=976"},{"taxonomy":"post_tag","embeddable":true,"href":"https:\/\/www.gmkunstraum.de\/rg\/wp-json\/wp\/v2\/tags?post=976"}],"curies":[{"name":"wp","href":"https:\/\/api.w.org\/{rel}","templated":true}]}}