{"id":2374,"date":"2026-02-23T17:01:55","date_gmt":"2026-02-23T16:01:55","guid":{"rendered":"https:\/\/www.gmkunstraum.de\/gm\/?p=2374"},"modified":"2026-02-23T17:01:55","modified_gmt":"2026-02-23T16:01:55","slug":"2026-lesetermine","status":"publish","type":"post","link":"https:\/\/www.gmkunstraum.de\/gm\/2026\/02\/23\/2026-lesetermine\/","title":{"rendered":"2026 Lesetermine"},"content":{"rendered":"<p>&nbsp;<\/p>\n<p>Folgende Lesungen aus meinem Roman \u201eEmilie Mayer, Componistin \u2013Sinfonie eines Lebens\u201c, Barton Verlag 2025 stehen bisher fest:<\/p>\n<p>&nbsp;<\/p>\n<ol start=\"7\">\n<li>M\u00e4rz, 19 Uhr im GMKunstRaum Pleetz<\/li>\n<\/ol>\n<p>Unter dem Motto: Was uns nicht umhaut, macht uns stark! lesen Birgitt Floegel, Gitta Martens, Sandra Pixberg aus Erz\u00e4hlung, Roman und Essay zum Internationalen Frauentag. Klaviermusik von Emilie Mayer spielt Reinhard Gagel.<\/p>\n<p>&nbsp;<\/p>\n<ol start=\"25\">\n<li>April, 16 Uhr im Fanny Hensel Saal der Universit\u00e4t f\u00fcr Musik und Darstellende Kunst Wien im Rahmen des Emilie Mayer Kammermusikprojekts der Hochschule f\u00fcr Musik und Theater, Rostock und der Universit\u00e4t f\u00fcr Musik und Darstellende Kunst Wien und der Emilie Mayer Gesellschaft e.V.<\/li>\n<\/ol>\n<p>&nbsp;<\/p>\n<p>8.\u00a0 November, 17 Uhr im Klanghaus Klein Jasedow mit musikalischen Erl\u00e4uterungen durch Dr. Reinhard\u00a0 \u00a0 \u00a0 \u00a0 \u00a0 \u00a0 Gagel und anschlie\u00dfendem Konzert f\u00fcr Fl\u00f6te und Cembalo mit Klaus Holsten und Bea Seemann.<\/p>\n<p>&nbsp;<\/p>\n<ol start=\"13\">\n<li>November 19 Uhr in der Hans-Fallada Bibliothek in Feldberg, Feldberger Seenplatte<\/li>\n<\/ol>\n","protected":false},"excerpt":{"rendered":"<p>&nbsp; Folgende Lesungen aus meinem Roman \u201eEmilie Mayer, Componistin \u2013Sinfonie eines Lebens\u201c, Barton Verlag 2025 stehen bisher fest: &nbsp; M\u00e4rz, 19 Uhr im GMKunstRaum Pleetz Unter dem Motto: Was uns nicht umhaut, macht uns stark! lesen Birgitt Floegel, Gitta Martens, Sandra Pixberg aus Erz\u00e4hlung, Roman und Essay zum Internationalen Frauentag. Klaviermusik von Emilie Mayer spielt [&hellip;]<\/p>\n","protected":false},"author":5,"featured_media":0,"comment_status":"closed","ping_status":"closed","sticky":false,"template":"","format":"standard","meta":{"ocean_post_layout":"","ocean_both_sidebars_style":"","ocean_both_sidebars_content_width":0,"ocean_both_sidebars_sidebars_width":0,"ocean_sidebar":"","ocean_second_sidebar":"","ocean_disable_margins":"enable","ocean_add_body_class":"","ocean_shortcode_before_top_bar":"","ocean_shortcode_after_top_bar":"","ocean_shortcode_before_header":"","ocean_shortcode_after_header":"","ocean_has_shortcode":"","ocean_shortcode_after_title":"","ocean_shortcode_before_footer_widgets":"","ocean_shortcode_after_footer_widgets":"","ocean_shortcode_before_footer_bottom":"","ocean_shortcode_after_footer_bottom":"","ocean_display_top_bar":"default","ocean_display_header":"default","ocean_header_style":"","ocean_center_header_left_menu":"","ocean_custom_header_template":"","ocean_custom_logo":0,"ocean_custom_retina_logo":0,"ocean_custom_logo_max_width":0,"ocean_custom_logo_tablet_max_width":0,"ocean_custom_logo_mobile_max_width":0,"ocean_custom_logo_max_height":0,"ocean_custom_logo_tablet_max_height":0,"ocean_custom_logo_mobile_max_height":0,"ocean_header_custom_menu":"","ocean_menu_typo_font_family":"","ocean_menu_typo_font_subset":"","ocean_menu_typo_font_size":0,"ocean_menu_typo_font_size_tablet":0,"ocean_menu_typo_font_size_mobile":0,"ocean_menu_typo_font_size_unit":"px","ocean_menu_typo_font_weight":"","ocean_menu_typo_font_weight_tablet":"","ocean_menu_typo_font_weight_mobile":"","ocean_menu_typo_transform":"","ocean_menu_typo_transform_tablet":"","ocean_menu_typo_transform_mobile":"","ocean_menu_typo_line_height":0,"ocean_menu_typo_line_height_tablet":0,"ocean_menu_typo_line_height_mobile":0,"ocean_menu_typo_line_height_unit":"","ocean_menu_typo_spacing":0,"ocean_menu_typo_spacing_tablet":0,"ocean_menu_typo_spacing_mobile":0,"ocean_menu_typo_spacing_unit":"","ocean_menu_link_color":"","ocean_menu_link_color_hover":"","ocean_menu_link_color_active":"","ocean_menu_link_background":"","ocean_menu_link_hover_background":"","ocean_menu_link_active_background":"","ocean_menu_social_links_bg":"","ocean_menu_social_hover_links_bg":"","ocean_menu_social_links_color":"","ocean_menu_social_hover_links_color":"","ocean_disable_title":"default","ocean_disable_heading":"default","ocean_post_title":"","ocean_post_subheading":"","ocean_post_title_style":"","ocean_post_title_background_color":"","ocean_post_title_background":0,"ocean_post_title_bg_image_position":"","ocean_post_title_bg_image_attachment":"","ocean_post_title_bg_image_repeat":"","ocean_post_title_bg_image_size":"","ocean_post_title_height":0,"ocean_post_title_bg_overlay":0.5,"ocean_post_title_bg_overlay_color":"","ocean_disable_breadcrumbs":"default","ocean_breadcrumbs_color":"","ocean_breadcrumbs_separator_color":"","ocean_breadcrumbs_links_color":"","ocean_breadcrumbs_links_hover_color":"","ocean_display_footer_widgets":"default","ocean_display_footer_bottom":"default","ocean_custom_footer_template":"","ocean_post_oembed":"","ocean_post_self_hosted_media":"","ocean_post_video_embed":"","ocean_link_format":"","ocean_link_format_target":"self","ocean_quote_format":"","ocean_quote_format_link":"post","ocean_gallery_link_images":"on","ocean_gallery_id":[],"footnotes":""},"categories":[13],"tags":[],"class_list":["post-2374","post","type-post","status-publish","format-standard","hentry","category-vorankuendigungen","entry"],"_links":{"self":[{"href":"https:\/\/www.gmkunstraum.de\/gm\/wp-json\/wp\/v2\/posts\/2374","targetHints":{"allow":["GET"]}}],"collection":[{"href":"https:\/\/www.gmkunstraum.de\/gm\/wp-json\/wp\/v2\/posts"}],"about":[{"href":"https:\/\/www.gmkunstraum.de\/gm\/wp-json\/wp\/v2\/types\/post"}],"author":[{"embeddable":true,"href":"https:\/\/www.gmkunstraum.de\/gm\/wp-json\/wp\/v2\/users\/5"}],"replies":[{"embeddable":true,"href":"https:\/\/www.gmkunstraum.de\/gm\/wp-json\/wp\/v2\/comments?post=2374"}],"version-history":[{"count":2,"href":"https:\/\/www.gmkunstraum.de\/gm\/wp-json\/wp\/v2\/posts\/2374\/revisions"}],"predecessor-version":[{"id":2376,"href":"https:\/\/www.gmkunstraum.de\/gm\/wp-json\/wp\/v2\/posts\/2374\/revisions\/2376"}],"wp:attachment":[{"href":"https:\/\/www.gmkunstraum.de\/gm\/wp-json\/wp\/v2\/media?parent=2374"}],"wp:term":[{"taxonomy":"category","embeddable":true,"href":"https:\/\/www.gmkunstraum.de\/gm\/wp-json\/wp\/v2\/categories?post=2374"},{"taxonomy":"post_tag","embeddable":true,"href":"https:\/\/www.gmkunstraum.de\/gm\/wp-json\/wp\/v2\/tags?post=2374"}],"curies":[{"name":"wp","href":"https:\/\/api.w.org\/{rel}","templated":true}]}}