{"id":2301,"date":"2025-04-07T16:54:54","date_gmt":"2025-04-07T14:54:54","guid":{"rendered":"https:\/\/www.gmkunstraum.de\/gm\/?p=2301"},"modified":"2025-04-07T16:54:54","modified_gmt":"2025-04-07T14:54:54","slug":"gitta-besuchte-den-barton-verlag-auf-der-leipziger-buchmesse","status":"publish","type":"post","link":"https:\/\/www.gmkunstraum.de\/gm\/2025\/04\/07\/gitta-besuchte-den-barton-verlag-auf-der-leipziger-buchmesse\/","title":{"rendered":"Gitta besuchte den Barton Verlag auf der Leipziger Buchmesse"},"content":{"rendered":"<p style=\"font-weight: 400;\"><img fetchpriority=\"high\" decoding=\"async\" class=\"size-medium wp-image-2304 aligncenter\" src=\"https:\/\/www.gmkunstraum.de\/gm\/wp-content\/uploads\/2025\/04\/Gitta-Buchmesse2-300x225.jpg\" alt=\"\" width=\"300\" height=\"225\" srcset=\"https:\/\/www.gmkunstraum.de\/gm\/wp-content\/uploads\/2025\/04\/Gitta-Buchmesse2-300x225.jpg 300w, https:\/\/www.gmkunstraum.de\/gm\/wp-content\/uploads\/2025\/04\/Gitta-Buchmesse2-1024x768.jpg 1024w, https:\/\/www.gmkunstraum.de\/gm\/wp-content\/uploads\/2025\/04\/Gitta-Buchmesse2-768x576.jpg 768w, https:\/\/www.gmkunstraum.de\/gm\/wp-content\/uploads\/2025\/04\/Gitta-Buchmesse2-1536x1152.jpg 1536w, https:\/\/www.gmkunstraum.de\/gm\/wp-content\/uploads\/2025\/04\/Gitta-Buchmesse2.jpg 2016w\" sizes=\"(max-width: 300px) 100vw, 300px\" \/> <img decoding=\"async\" class=\"size-medium wp-image-2302 aligncenter\" src=\"https:\/\/www.gmkunstraum.de\/gm\/wp-content\/uploads\/2025\/04\/gitta-Buchmesse-2025-225x300.jpg\" alt=\"\" width=\"225\" height=\"300\" srcset=\"https:\/\/www.gmkunstraum.de\/gm\/wp-content\/uploads\/2025\/04\/gitta-Buchmesse-2025-225x300.jpg 225w, https:\/\/www.gmkunstraum.de\/gm\/wp-content\/uploads\/2025\/04\/gitta-Buchmesse-2025-768x1024.jpg 768w, https:\/\/www.gmkunstraum.de\/gm\/wp-content\/uploads\/2025\/04\/gitta-Buchmesse-2025-1152x1536.jpg 1152w, https:\/\/www.gmkunstraum.de\/gm\/wp-content\/uploads\/2025\/04\/gitta-Buchmesse-2025-rotated.jpg 1512w\" sizes=\"(max-width: 225px) 100vw, 225px\" \/><\/p>\n<p>&nbsp;<\/p>\n<p style=\"font-weight: 400; text-align: center;\">\u201e Emmie\u201c und ich auf der Buchmesse!<\/p>\n<p style=\"font-weight: 400; text-align: center;\">3 Jahre Arbeit an der Erinnerung<\/p>\n<p style=\"font-weight: 400; text-align: center;\">nun zu lesen in einem kleinen Buch.<\/p>\n<p style=\"font-weight: 400; text-align: center;\">Umgeben von tausenden anderer B\u00fccher<\/p>\n<p style=\"font-weight: 400; text-align: center;\">umtost von 296 ooo LeserInnen.<\/p>\n<p style=\"font-weight: 400; text-align: center;\">Was f\u00fcr eine Welle!<\/p>\n<p style=\"font-weight: 400; text-align: center;\">Wohin rei\u00dft sie uns \u00a0fort?<\/p>\n","protected":false},"excerpt":{"rendered":"<p>&nbsp; \u201e Emmie\u201c und ich auf der Buchmesse! 3 Jahre Arbeit an der Erinnerung nun zu lesen in einem kleinen Buch. Umgeben von tausenden anderer B\u00fccher umtost von 296 ooo LeserInnen. Was f\u00fcr eine Welle! Wohin rei\u00dft sie uns \u00a0fort?<\/p>\n","protected":false},"author":5,"featured_media":0,"comment_status":"closed","ping_status":"closed","sticky":false,"template":"","format":"standard","meta":{"ocean_post_layout":"","ocean_both_sidebars_style":"","ocean_both_sidebars_content_width":0,"ocean_both_sidebars_sidebars_width":0,"ocean_sidebar":"","ocean_second_sidebar":"","ocean_disable_margins":"enable","ocean_add_body_class":"","ocean_shortcode_before_top_bar":"","ocean_shortcode_after_top_bar":"","ocean_shortcode_before_header":"","ocean_shortcode_after_header":"","ocean_has_shortcode":"","ocean_shortcode_after_title":"","ocean_shortcode_before_footer_widgets":"","ocean_shortcode_after_footer_widgets":"","ocean_shortcode_before_footer_bottom":"","ocean_shortcode_after_footer_bottom":"","ocean_display_top_bar":"default","ocean_display_header":"default","ocean_header_style":"","ocean_center_header_left_menu":"","ocean_custom_header_template":"","ocean_custom_logo":0,"ocean_custom_retina_logo":0,"ocean_custom_logo_max_width":0,"ocean_custom_logo_tablet_max_width":0,"ocean_custom_logo_mobile_max_width":0,"ocean_custom_logo_max_height":0,"ocean_custom_logo_tablet_max_height":0,"ocean_custom_logo_mobile_max_height":0,"ocean_header_custom_menu":"","ocean_menu_typo_font_family":"","ocean_menu_typo_font_subset":"","ocean_menu_typo_font_size":0,"ocean_menu_typo_font_size_tablet":0,"ocean_menu_typo_font_size_mobile":0,"ocean_menu_typo_font_size_unit":"px","ocean_menu_typo_font_weight":"","ocean_menu_typo_font_weight_tablet":"","ocean_menu_typo_font_weight_mobile":"","ocean_menu_typo_transform":"","ocean_menu_typo_transform_tablet":"","ocean_menu_typo_transform_mobile":"","ocean_menu_typo_line_height":0,"ocean_menu_typo_line_height_tablet":0,"ocean_menu_typo_line_height_mobile":0,"ocean_menu_typo_line_height_unit":"","ocean_menu_typo_spacing":0,"ocean_menu_typo_spacing_tablet":0,"ocean_menu_typo_spacing_mobile":0,"ocean_menu_typo_spacing_unit":"","ocean_menu_link_color":"","ocean_menu_link_color_hover":"","ocean_menu_link_color_active":"","ocean_menu_link_background":"","ocean_menu_link_hover_background":"","ocean_menu_link_active_background":"","ocean_menu_social_links_bg":"","ocean_menu_social_hover_links_bg":"","ocean_menu_social_links_color":"","ocean_menu_social_hover_links_color":"","ocean_disable_title":"default","ocean_disable_heading":"default","ocean_post_title":"","ocean_post_subheading":"","ocean_post_title_style":"","ocean_post_title_background_color":"","ocean_post_title_background":0,"ocean_post_title_bg_image_position":"","ocean_post_title_bg_image_attachment":"","ocean_post_title_bg_image_repeat":"","ocean_post_title_bg_image_size":"","ocean_post_title_height":0,"ocean_post_title_bg_overlay":0.5,"ocean_post_title_bg_overlay_color":"","ocean_disable_breadcrumbs":"default","ocean_breadcrumbs_color":"","ocean_breadcrumbs_separator_color":"","ocean_breadcrumbs_links_color":"","ocean_breadcrumbs_links_hover_color":"","ocean_display_footer_widgets":"default","ocean_display_footer_bottom":"default","ocean_custom_footer_template":"","ocean_post_oembed":"","ocean_post_self_hosted_media":"","ocean_post_video_embed":"","ocean_link_format":"","ocean_link_format_target":"self","ocean_quote_format":"","ocean_quote_format_link":"post","ocean_gallery_link_images":"on","ocean_gallery_id":[2302,2304],"footnotes":""},"categories":[14],"tags":[],"class_list":["post-2301","post","type-post","status-publish","format-standard","hentry","category-vergangene-termine","entry"],"_links":{"self":[{"href":"https:\/\/www.gmkunstraum.de\/gm\/wp-json\/wp\/v2\/posts\/2301","targetHints":{"allow":["GET"]}}],"collection":[{"href":"https:\/\/www.gmkunstraum.de\/gm\/wp-json\/wp\/v2\/posts"}],"about":[{"href":"https:\/\/www.gmkunstraum.de\/gm\/wp-json\/wp\/v2\/types\/post"}],"author":[{"embeddable":true,"href":"https:\/\/www.gmkunstraum.de\/gm\/wp-json\/wp\/v2\/users\/5"}],"replies":[{"embeddable":true,"href":"https:\/\/www.gmkunstraum.de\/gm\/wp-json\/wp\/v2\/comments?post=2301"}],"version-history":[{"count":5,"href":"https:\/\/www.gmkunstraum.de\/gm\/wp-json\/wp\/v2\/posts\/2301\/revisions"}],"predecessor-version":[{"id":2308,"href":"https:\/\/www.gmkunstraum.de\/gm\/wp-json\/wp\/v2\/posts\/2301\/revisions\/2308"}],"wp:attachment":[{"href":"https:\/\/www.gmkunstraum.de\/gm\/wp-json\/wp\/v2\/media?parent=2301"}],"wp:term":[{"taxonomy":"category","embeddable":true,"href":"https:\/\/www.gmkunstraum.de\/gm\/wp-json\/wp\/v2\/categories?post=2301"},{"taxonomy":"post_tag","embeddable":true,"href":"https:\/\/www.gmkunstraum.de\/gm\/wp-json\/wp\/v2\/tags?post=2301"}],"curies":[{"name":"wp","href":"https:\/\/api.w.org\/{rel}","templated":true}]}}