{"id":2268,"date":"2025-02-03T22:24:46","date_gmt":"2025-02-03T21:24:46","guid":{"rendered":"https:\/\/www.gmkunstraum.de\/gm\/?p=2268"},"modified":"2025-08-29T13:53:31","modified_gmt":"2025-08-29T11:53:31","slug":"lesung-und-musik-zum-internationalen-frauentag-2024","status":"publish","type":"post","link":"https:\/\/www.gmkunstraum.de\/gm\/2025\/02\/03\/lesung-und-musik-zum-internationalen-frauentag-2024\/","title":{"rendered":"Lesung und Musik zum Internationalen Frauentag 2025 am Sa. 8.3.15 19:00   GM KunstRaum Pleetz"},"content":{"rendered":"<p>Was verbindet R\u00fcgen mit Friedland? Das Schicksal der Frauen in der ersten H\u00e4lfte des 19ten Jahrhunderts. F\u00fcr sich selber sorgen, gar berufst\u00e4tig sein? Unm\u00f6glich, gar Hexerei? Im Roman Das Orakel von Jasmund, ein R\u00fcgenroman, stellt die Autorin Sandra Pixberg \u2013aus R\u00fcgen- eine Ausgesto\u00dfene vor, die sich allen Widrigkeiten zum Trotz durchzusetzen wei\u00df.<\/p>\n<p>Im Roman Das Tagebuch der Emilie Mayer, Componistin, stellt Gitta Martens \u2013 aus Friedland \u2013 eine aufstrebende Komponistin vor, die man heute als Berufskomponistin und gute Netzwerkerin sowie Managerin bezeichnen w\u00fcrde.<\/p>\n<p>Musikalisch wird die Lesung umrahmt mit Klaviermusik von Clara Schumann, Fanny Hensel und Emilie Mayer, gespielt von Reinhard Gagel.<\/p>\n<p><strong>Eintritt frei.\u00a0 Spenden erbeten. \u00a0<\/strong><\/p>\n<p>Anmeldung per SMS\u00a0unter 017659974443 oder E-Mail:\u00a0<a href=\"mailto:gmkunstraum18@gmail.com\">gmkunstraum18@gmail.com<\/a><\/p>\n<p><u>\u00a0<\/u><strong>GM KunstRaum Pleetz\u00a0 <\/strong>Samstag, 8.3.25 19:00 <strong>Rogaer Weg 2. <\/strong><strong>17099 Datzetal OT Pleetz<\/strong><\/p>\n<h6>Die Veranstaltung\u00a0 findet in Kooperation mit der emilie mayer gesellschaft\u00a0 e.V. statt.<\/h6>\n","protected":false},"excerpt":{"rendered":"<p>Was verbindet R\u00fcgen mit Friedland? Das Schicksal der Frauen in der ersten H\u00e4lfte des 19ten Jahrhunderts. F\u00fcr sich selber sorgen, gar berufst\u00e4tig sein? Unm\u00f6glich, gar Hexerei? Im Roman Das Orakel von Jasmund, ein R\u00fcgenroman, stellt die Autorin Sandra Pixberg \u2013aus R\u00fcgen- eine Ausgesto\u00dfene vor, die sich allen Widrigkeiten zum Trotz durchzusetzen wei\u00df. Im Roman Das [&hellip;]<\/p>\n","protected":false},"author":5,"featured_media":0,"comment_status":"closed","ping_status":"closed","sticky":false,"template":"","format":"standard","meta":{"ocean_post_layout":"","ocean_both_sidebars_style":"","ocean_both_sidebars_content_width":0,"ocean_both_sidebars_sidebars_width":0,"ocean_sidebar":"","ocean_second_sidebar":"","ocean_disable_margins":"enable","ocean_add_body_class":"","ocean_shortcode_before_top_bar":"","ocean_shortcode_after_top_bar":"","ocean_shortcode_before_header":"","ocean_shortcode_after_header":"","ocean_has_shortcode":"","ocean_shortcode_after_title":"","ocean_shortcode_before_footer_widgets":"","ocean_shortcode_after_footer_widgets":"","ocean_shortcode_before_footer_bottom":"","ocean_shortcode_after_footer_bottom":"","ocean_display_top_bar":"default","ocean_display_header":"default","ocean_header_style":"","ocean_center_header_left_menu":"","ocean_custom_header_template":"","ocean_custom_logo":0,"ocean_custom_retina_logo":0,"ocean_custom_logo_max_width":0,"ocean_custom_logo_tablet_max_width":0,"ocean_custom_logo_mobile_max_width":0,"ocean_custom_logo_max_height":0,"ocean_custom_logo_tablet_max_height":0,"ocean_custom_logo_mobile_max_height":0,"ocean_header_custom_menu":"","ocean_menu_typo_font_family":"","ocean_menu_typo_font_subset":"","ocean_menu_typo_font_size":0,"ocean_menu_typo_font_size_tablet":0,"ocean_menu_typo_font_size_mobile":0,"ocean_menu_typo_font_size_unit":"px","ocean_menu_typo_font_weight":"","ocean_menu_typo_font_weight_tablet":"","ocean_menu_typo_font_weight_mobile":"","ocean_menu_typo_transform":"","ocean_menu_typo_transform_tablet":"","ocean_menu_typo_transform_mobile":"","ocean_menu_typo_line_height":0,"ocean_menu_typo_line_height_tablet":0,"ocean_menu_typo_line_height_mobile":0,"ocean_menu_typo_line_height_unit":"","ocean_menu_typo_spacing":0,"ocean_menu_typo_spacing_tablet":0,"ocean_menu_typo_spacing_mobile":0,"ocean_menu_typo_spacing_unit":"","ocean_menu_link_color":"","ocean_menu_link_color_hover":"","ocean_menu_link_color_active":"","ocean_menu_link_background":"","ocean_menu_link_hover_background":"","ocean_menu_link_active_background":"","ocean_menu_social_links_bg":"","ocean_menu_social_hover_links_bg":"","ocean_menu_social_links_color":"","ocean_menu_social_hover_links_color":"","ocean_disable_title":"default","ocean_disable_heading":"default","ocean_post_title":"","ocean_post_subheading":"","ocean_post_title_style":"","ocean_post_title_background_color":"","ocean_post_title_background":0,"ocean_post_title_bg_image_position":"","ocean_post_title_bg_image_attachment":"","ocean_post_title_bg_image_repeat":"","ocean_post_title_bg_image_size":"","ocean_post_title_height":0,"ocean_post_title_bg_overlay":0.5,"ocean_post_title_bg_overlay_color":"","ocean_disable_breadcrumbs":"default","ocean_breadcrumbs_color":"","ocean_breadcrumbs_separator_color":"","ocean_breadcrumbs_links_color":"","ocean_breadcrumbs_links_hover_color":"","ocean_display_footer_widgets":"default","ocean_display_footer_bottom":"default","ocean_custom_footer_template":"","ocean_post_oembed":"","ocean_post_self_hosted_media":"","ocean_post_video_embed":"","ocean_link_format":"","ocean_link_format_target":"self","ocean_quote_format":"","ocean_quote_format_link":"post","ocean_gallery_link_images":"on","ocean_gallery_id":[],"footnotes":""},"categories":[14],"tags":[],"class_list":["post-2268","post","type-post","status-publish","format-standard","hentry","category-vergangene-termine","entry"],"_links":{"self":[{"href":"https:\/\/www.gmkunstraum.de\/gm\/wp-json\/wp\/v2\/posts\/2268","targetHints":{"allow":["GET"]}}],"collection":[{"href":"https:\/\/www.gmkunstraum.de\/gm\/wp-json\/wp\/v2\/posts"}],"about":[{"href":"https:\/\/www.gmkunstraum.de\/gm\/wp-json\/wp\/v2\/types\/post"}],"author":[{"embeddable":true,"href":"https:\/\/www.gmkunstraum.de\/gm\/wp-json\/wp\/v2\/users\/5"}],"replies":[{"embeddable":true,"href":"https:\/\/www.gmkunstraum.de\/gm\/wp-json\/wp\/v2\/comments?post=2268"}],"version-history":[{"count":5,"href":"https:\/\/www.gmkunstraum.de\/gm\/wp-json\/wp\/v2\/posts\/2268\/revisions"}],"predecessor-version":[{"id":2297,"href":"https:\/\/www.gmkunstraum.de\/gm\/wp-json\/wp\/v2\/posts\/2268\/revisions\/2297"}],"wp:attachment":[{"href":"https:\/\/www.gmkunstraum.de\/gm\/wp-json\/wp\/v2\/media?parent=2268"}],"wp:term":[{"taxonomy":"category","embeddable":true,"href":"https:\/\/www.gmkunstraum.de\/gm\/wp-json\/wp\/v2\/categories?post=2268"},{"taxonomy":"post_tag","embeddable":true,"href":"https:\/\/www.gmkunstraum.de\/gm\/wp-json\/wp\/v2\/tags?post=2268"}],"curies":[{"name":"wp","href":"https:\/\/api.w.org\/{rel}","templated":true}]}}